[{"@context":"https:\/\/schema.org\/","@type":"Article","@id":"https:\/\/www.rattler.cz\/barber-shop-v-kladne-pro-vase-jedinecne-zazitky\/#Article","mainEntityOfPage":"https:\/\/www.rattler.cz\/barber-shop-v-kladne-pro-vase-jedinecne-zazitky\/","headline":"Barber shop v Kladn\u011b pro va\u0161e jedine\u010dn\u00e9 z\u00e1\u017eitky","name":"Barber shop v Kladn\u011b pro va\u0161e jedine\u010dn\u00e9 z\u00e1\u017eitky","description":"Zn\u00e1te to v Kladn\u011b? A v\u00edte, \u017ee m\u00edstn\u00ed obyvatel\u00e9 ne\u0159\u00edkaj\u00ed \u201ev Kladn\u011b\u201c, ale \u201ena Kladn\u011b\u201c? Pokud to na Kladn\u011b nezn\u00e1te, a zav\u00edtali jste tam nap\u0159\u00edklad v r\u00e1mci pracovn\u00ed cesty nebo tu bydl\u00ed va\u0161i zn\u00e1m\u00ed a chcete je pot\u011b\u0161it svou n\u00e1v\u0161t\u011bvou, pak bychom v\u00e1m mohli doporu\u010dit proj\u00edt se p\u011b\u0161ky po nejzn\u00e1m\u011bj\u0161\u00ed kladensk\u00e9 trase p\u011b\u0161\u00ed z\u00f3ny, kter\u00e1 ... <a title=\"Barber shop v Kladn\u011b pro va\u0161e jedine\u010dn\u00e9 z\u00e1\u017eitky\" class=\"read-more\" href=\"https:\/\/www.rattler.cz\/barber-shop-v-kladne-pro-vase-jedinecne-zazitky\/\">Read more<span class=\"screen-reader-text\">Barber shop v Kladn\u011b pro va\u0161e jedine\u010dn\u00e9 z\u00e1\u017eitky<\/span><\/a>","datePublished":"2024-11-09","dateModified":"2024-11-09","author":{"@type":"Person","@id":"https:\/\/www.rattler.cz\/author\/#Person","name":"","url":"https:\/\/www.rattler.cz\/author\/","identifier":1,"image":{"@type":"ImageObject","@id":"https:\/\/secure.gravatar.com\/avatar\/aa13f0f1a5b61a2deba1492ce3bb4afe8e77d91eeb44c23db0ee08765a93abad?s=96&d=mm&r=g","url":"https:\/\/secure.gravatar.com\/avatar\/aa13f0f1a5b61a2deba1492ce3bb4afe8e77d91eeb44c23db0ee08765a93abad?s=96&d=mm&r=g","height":96,"width":96}},"publisher":{"@type":"Organization","name":"rattler.cz","logo":{"@type":"ImageObject","@id":"\/logo.png","url":"\/logo.png","width":600,"height":60}},"image":{"@type":"ImageObject","@id":"https:\/\/www.rattler.cz\/wp-content\/uploads\/barber-shop-6797998_640_2.jpg","url":"https:\/\/www.rattler.cz\/wp-content\/uploads\/barber-shop-6797998_640_2.jpg","height":0,"width":0},"url":"https:\/\/www.rattler.cz\/barber-shop-v-kladne-pro-vase-jedinecne-zazitky\/","about":["Business"],"wordCount":400,"articleBody":"       Zn\u00e1te to v Kladn\u011b? A v\u00edte, \u017ee m\u00edstn\u00ed obyvatel\u00e9 ne\u0159\u00edkaj\u00ed \u201ev Kladn\u011b\u201c, ale \u201ena Kladn\u011b\u201c? Pokud to na Kladn\u011b nezn\u00e1te, a zav\u00edtali jste tam nap\u0159\u00edklad v r\u00e1mci pracovn\u00ed cesty nebo tu bydl\u00ed va\u0161i zn\u00e1m\u00ed a chcete je pot\u011b\u0161it svou n\u00e1v\u0161t\u011bvou, pak bychom v\u00e1m mohli doporu\u010dit proj\u00edt se p\u011b\u0161ky po nejzn\u00e1m\u011bj\u0161\u00ed kladensk\u00e9 trase p\u011b\u0161\u00ed z\u00f3ny, kter\u00e1 tu p\u00ed\u0161e d\u011bjiny m\u011bsta ji\u017e mnoho let. P\u011b\u0161\u00ed z\u00f3na je v sou\u010dasn\u00e9 dob\u011b polopr\u00e1zdn\u00e1, zavinila to v\u00fdstavba obchodn\u00edho domu Central, kam se soust\u0159edila v\u011bt\u0161ina obchodn\u00edk\u016f, na\u010de\u017e se z p\u011b\u0161\u00ed z\u00f3ny st\u00e1v\u00e1 vylidn\u011bn\u00fd prostor. D\u0159\u00edve, zejm\u00e9na za socialismu, to ale byla jedna z nej\u017eiv\u011bj\u0161\u00edch kladensk\u00fdch ulic, podobn\u011b jako s\u00eddli\u0161t\u011b S\u00edtn\u00e1 nebo kladensk\u00fd \u201eV\u00e1clav\u00e1k\u201c \u010di rozd\u011blovsk\u00e9 v\u011b\u017e\u00e1ky a popul\u00e1rn\u00ed obchodn\u00ed d\u016fm Sir\u00e9na.Vyprav\u00edte-li se na p\u011b\u0161\u00ed z\u00f3nu, prohl\u00e9dn\u011bte si tamn\u00ed architekturu, stoj\u00ed to za to, a a\u017e budete v doln\u00ed \u010d\u00e1sti ulice T. G. Masaryka, zav\u00edtejte do barbershopu Kladno. Tamn\u00ed barbe\u0159i \u010di kade\u0159n\u00edci, chcete-li jsou profesion\u00e1ln\u00edmi lazebn\u00edky a lazebnictv\u00ed, kam pat\u0159\u00ed i pedik\u00fara, manik\u00fara a mas\u00e1\u017ee, dovede zlep\u0161it n\u00e1ladu a pos\u00edlit sebev\u011bdom\u00ed. A v\u00edte, pro\u010d? Barber je nejen profesion\u00e1l ve sv\u00e9m oboru, ale i dobr\u00fd spole\u010dn\u00edk, kter\u00fd v\u00e1s lask\u00e1 ve vlasech, p\u0159ej\u00ed\u017ed\u00ed po poko\u017ece a t\u00edm p\u00e1dem vyvol\u00e1v\u00e1 velmi p\u0159\u00edjemn\u00e9 pocity osobn\u00edho blaha, p\u0159isp\u00edvaj\u00edc\u00ed k eliminaci chronick\u00e9ho stresu. Budete si tu v k\u0159esle p\u0159ipadat, \u017ee se vzn\u00e1\u0161\u00edte v oblac\u00edch, a je docela pravd\u011bpodobn\u00e9, \u017ee si lazebnickou proceduru budete cht\u00edt znovu zopakovat. Na z\u00e1v\u011br byste mohli objednat pizzu nebo zaj\u00edt do cukr\u00e1rny, objevit rozs\u00e1hl\u00e9 prostory kladensk\u00e9ho Sleti\u0161t\u011b, a chcete-li je\u0161t\u011b jeden dobr\u00fd tip na bezva m\u00edsto v okol\u00ed Kladna, zaje\u010fte na Ko\u017eovu horu. Je-li otev\u0159en\u00e1 rozhledna, vyplat\u00ed se vystoupat a\u017e na jej\u00ed vrchol. Pot\u00e9 byste mohli zam\u011b\u0159it pozornost na nedalek\u00e9 sportovn\u00ed leti\u0161t\u011b LKKL Kladno (Velk\u00e1 Dobr\u00e1), kam dosedaj\u00ed bezmotorov\u00e9 kluz\u00e1ky i dvoum\u00edstn\u00e9 akrobatick\u00e9 letouny ZL 42.                                                                                                                                                                                                                                                                                                                                                                                          4.3\/5 - (7 votes)        "},{"@context":"https:\/\/schema.org\/","@type":"BreadcrumbList","itemListElement":[{"@type":"ListItem","position":1,"name":"Barber shop v Kladn\u011b pro va\u0161e jedine\u010dn\u00e9 z\u00e1\u017eitky","item":"https:\/\/www.rattler.cz\/barber-shop-v-kladne-pro-vase-jedinecne-zazitky\/#breadcrumbitem"}]}]