[{"@context":"https:\/\/schema.org\/","@type":"Article","@id":"https:\/\/www.rattler.cz\/my-mame-pro-vas-reseni\/#Article","mainEntityOfPage":"https:\/\/www.rattler.cz\/my-mame-pro-vas-reseni\/","headline":"My m\u00e1me pro v\u00e1s \u0159e\u0161en\u00ed","name":"My m\u00e1me pro v\u00e1s \u0159e\u0161en\u00ed","description":"Ka\u017ed\u00fd si ob\u010das pot\u0159ebujeme rychle n\u011bco za\u0159\u00eddit a v\u011bt\u0161ina z n\u00e1s k tomu vyu\u017eije sv\u016fj automobil. Ale ne v\u0161ichni ho vlastn\u00ed a tak mus\u00ed v\u011bci za\u0159izovat pomoc\u00ed m\u011bstsk\u00e9 hromadn\u00e9 dopravy nebo je\u0161t\u011b h\u016f\u0159e &#8211; p\u011b\u0161ky. Ale my m\u00e1me pro n\u011b \u0159e\u0161en\u00ed! Pt\u00e1te se jak\u00e9? Je to jednoduch\u00e9 &#8211; autop\u016fj\u010dovna! Na\u0161e autop\u016fj\u010dovna p\u016fsob\u00ed na trhu od ... <a title=\"My m\u00e1me pro v\u00e1s \u0159e\u0161en\u00ed\" class=\"read-more\" href=\"https:\/\/www.rattler.cz\/my-mame-pro-vas-reseni\/\">Read more<span class=\"screen-reader-text\">My m\u00e1me pro v\u00e1s \u0159e\u0161en\u00ed<\/span><\/a>","datePublished":"2025-01-04","dateModified":"2025-01-04","author":{"@type":"Person","@id":"https:\/\/www.rattler.cz\/author\/#Person","name":"","url":"https:\/\/www.rattler.cz\/author\/","identifier":1,"image":{"@type":"ImageObject","@id":"https:\/\/secure.gravatar.com\/avatar\/aa13f0f1a5b61a2deba1492ce3bb4afe8e77d91eeb44c23db0ee08765a93abad?s=96&d=mm&r=g","url":"https:\/\/secure.gravatar.com\/avatar\/aa13f0f1a5b61a2deba1492ce3bb4afe8e77d91eeb44c23db0ee08765a93abad?s=96&d=mm&r=g","height":96,"width":96}},"publisher":{"@type":"Organization","name":"rattler.cz","logo":{"@type":"ImageObject","@id":"\/logo.png","url":"\/logo.png","width":600,"height":60}},"url":"https:\/\/www.rattler.cz\/my-mame-pro-vas-reseni\/","wordCount":201,"articleBody":"Ka\u017ed\u00fd si ob\u010das pot\u0159ebujeme rychle n\u011bco za\u0159\u00eddit a v\u011bt\u0161ina z n\u00e1s k tomu vyu\u017eije sv\u016fj automobil. Ale ne v\u0161ichni ho vlastn\u00ed a tak mus\u00ed v\u011bci za\u0159izovat pomoc\u00ed m\u011bstsk\u00e9 hromadn\u00e9 dopravy nebo je\u0161t\u011b h\u016f\u0159e &#8211; p\u011b\u0161ky. Ale my m\u00e1me pro n\u011b \u0159e\u0161en\u00ed! Pt\u00e1te se jak\u00e9? Je to jednoduch\u00e9 &#8211; autop\u016fj\u010dovna! Na\u0161e autop\u016fj\u010dovna p\u016fsob\u00ed na trhu od roku 2008 a tak jsme vcelku mlad\u00e1 firma. P\u0159esto V\u00e1m ale v\u0161e, co nab\u00edz\u00edme, garantujeme a nemus\u00edte se b\u00e1t skryt\u00fdch podm\u00ednek! Nav\u00edc V\u00e1s u\u0161et\u0159\u00edme \u00fanavn\u00e9ho pap\u00edrov\u00e1n\u00ed, nemus\u00edte toti\u017e vypl\u0148ovat \u017e\u00e1dn\u00e9 \u017e\u00e1dosti ani formul\u00e1\u0159e. Ke ka\u017ed\u00e9mu klientovi m\u00e1me individu\u00e1ln\u00ed a flexibiln\u00ed p\u0159\u00edstup. Vozy bez reklam Pokud hled\u00e1te nejlevn\u011bj\u0161\u00ed autop\u016fj\u010dovnu bez skryt\u00fdch poplatk\u016f, pak volte n\u00e1s! Na\u0161e vozidla maj\u00ed 100% technick\u00fd stav a nejsou polepen\u00e9 \u017e\u00e1dnou reklamou. Na\u0161e autop\u016fj\u010dovna je V\u00e1m k dispozici 24 hodin denn\u011b 7 dn\u00ed v t\u00fddnu, auto p\u0159istav\u00edme i odvezeme kamkoli po cel\u00e9 \u010cR!                                                                                                                                                                                                                                                                                                                                                                                        3.2\/5 - (4 votes)        "},{"@context":"https:\/\/schema.org\/","@type":"BreadcrumbList","itemListElement":[{"@type":"ListItem","position":1,"name":"My m\u00e1me pro v\u00e1s \u0159e\u0161en\u00ed","item":"https:\/\/www.rattler.cz\/my-mame-pro-vas-reseni\/#breadcrumbitem"}]}]