[{"@context":"https:\/\/schema.org\/","@type":"Article","@id":"https:\/\/www.rattler.cz\/prace-s-pocitacem\/#Article","mainEntityOfPage":"https:\/\/www.rattler.cz\/prace-s-pocitacem\/","headline":"Pr\u00e1ce s po\u010d\u00edta\u010dem","name":"Pr\u00e1ce s po\u010d\u00edta\u010dem","description":"Informa\u010dn\u00ed technologie, tak to je n\u011bco, co ka\u017ed\u00e9ho zaj\u00edm\u00e1. Tedy alespo\u0148 tohle si mysl\u00edm, proto\u017ee u n\u00e1s v rodin\u011b je ka\u017ed\u00fd \u010dlov\u011bk, kter\u00fd se zaj\u00edm\u00e1 o elektro anebo o informa\u010dn\u00ed technologii a cht\u011bl by m\u00edt v\u017edycky doma nejlep\u0161\u00ed po\u010d\u00edta\u010d anebo tablet \u010di notebook. Tak\u00e9\u00a0jsem si v posledn\u00ed dob\u011b po\u0159\u00eddila opravdu kvalitn\u00ed MacBook a tak\u00e9 mobiln\u00ed ... <a title=\"Pr\u00e1ce s po\u010d\u00edta\u010dem\" class=\"read-more\" href=\"https:\/\/www.rattler.cz\/prace-s-pocitacem\/\">Read more<span class=\"screen-reader-text\">Pr\u00e1ce s po\u010d\u00edta\u010dem<\/span><\/a>","datePublished":"2023-07-28","dateModified":"2024-06-28","author":{"@type":"Person","@id":"https:\/\/www.rattler.cz\/author\/#Person","name":"","url":"https:\/\/www.rattler.cz\/author\/","identifier":1,"image":{"@type":"ImageObject","@id":"https:\/\/secure.gravatar.com\/avatar\/aa13f0f1a5b61a2deba1492ce3bb4afe8e77d91eeb44c23db0ee08765a93abad?s=96&d=mm&r=g","url":"https:\/\/secure.gravatar.com\/avatar\/aa13f0f1a5b61a2deba1492ce3bb4afe8e77d91eeb44c23db0ee08765a93abad?s=96&d=mm&r=g","height":96,"width":96}},"publisher":{"@type":"Organization","name":"rattler.cz","logo":{"@type":"ImageObject","@id":"\/logo.png","url":"\/logo.png","width":600,"height":60}},"image":{"@type":"ImageObject","@id":"https:\/\/www.rattler.cz\/wp-content\/uploads\/computer-1867758_1280_2.jpg","url":"https:\/\/www.rattler.cz\/wp-content\/uploads\/computer-1867758_1280_2.jpg","height":0,"width":0},"url":"https:\/\/www.rattler.cz\/prace-s-pocitacem\/","about":["IT"],"wordCount":425,"articleBody":"Informa\u010dn\u00ed technologie, tak to je n\u011bco, co ka\u017ed\u00e9ho zaj\u00edm\u00e1. Tedy alespo\u0148 tohle si mysl\u00edm, proto\u017ee u n\u00e1s v rodin\u011b je ka\u017ed\u00fd \u010dlov\u011bk, kter\u00fd se zaj\u00edm\u00e1 o elektro anebo o informa\u010dn\u00ed technologii a cht\u011bl by m\u00edt v\u017edycky doma nejlep\u0161\u00ed po\u010d\u00edta\u010d anebo tablet \u010di notebook. Tak\u00e9\u00a0jsem si v posledn\u00ed dob\u011b po\u0159\u00eddila opravdu kvalitn\u00ed MacBook a tak\u00e9 mobiln\u00ed telefon.\u00a0Tohle m\u00e1m r\u00e1da. Akor\u00e1t v\u017edycky nev\u00edm, jak se m\u00e1m v\u017edycky p\u0159ihl\u00e1sit ze sv\u00e9ho Google \u00fa\u010dtu anebo r\u016fzn\u00fdch \u00fa\u010dt\u016f na nov\u00e9m\u00a0za\u0159\u00edzen\u00ed. Je to pro m\u011b v\u017edycky opravdu hodn\u011b n\u00e1ro\u010dn\u00e9 a slo\u017eit\u00e9. Na\u0161t\u011bst\u00ed jsem to ale pochopila a u\u017e to d\u011bl\u00e1m jednodu\u0161e, proto\u017ee ka\u017ed\u00fd rok si v\u017edycky koup\u00edm n\u011bjakou novou techniku a samoz\u0159ejm\u011b, \u017ee potom pot\u0159ebuji zn\u00e1t opravdu dokonale\u00a0informa\u010dn\u00ed technologii,\u00a0abych se v tom vyznala opravdu dob\u0159e.Tak samoz\u0159ejm\u011b tak\u00e9 jsem nav\u0161t\u011bvovala r\u016fzn\u00e9 po\u010d\u00edta\u010dov\u00e9 kurzy. Cht\u011bla jsem toho v\u011bd\u011bt v\u00edce, necht\u011bla jsem v\u011bd\u011bt jenom z\u00e1klady, ale cht\u011bla jsem b\u00fdt t\u0159eba o krok nap\u0159ed ne\u017e to, co znaj\u00ed ostatn\u00ed \u010dlenov\u00e9 rodiny. Ne, nebyla to \u017e\u00e1dn\u00e1\u00a0sout\u011b\u017e, ale m\u011b tohle bavilo. Bavilo m\u011b, kdy\u017e jsem potom n\u011bkomu mohla poradit anebo n\u011bkomu pomoct. Nav\u00edc jsem se tak\u00e9 cht\u011bla nau\u010dit opravovat notebooky anebo po\u010d\u00edta\u010de, pr\u00e1ce s informa\u010dn\u00ed technologi\u00ed a s\u00a0po\u010d\u00edta\u010dem obecn\u011b m\u011b moc bav\u00ed. Akor\u00e1t jsem ho neum\u011bla rozd\u011blat. Tak\u00e9 se mi kolikr\u00e1t stalo, \u017ee mi notebook hu\u010del. Dozv\u011bd\u011bla jsem se, \u017ee to je, kdy\u017e m\u00e1te za\u0161pin\u011bn\u00e9 a zanesen\u00e9 v\u011btr\u00e1\u010dky. A v\u011bt\u0161inou to je zanesen\u00e9 prachem, proto doporu\u010duji, abyste pou\u017e\u00edvali pod v\u00e1\u0161 notebook n\u011bjak\u00e9 chlad\u00edc\u00ed podlo\u017eky. Daj\u00ed se koupit norm\u00e1ln\u011b v elektru. Nestoj\u00ed ani t\u0159eba p\u011bt set\u00a0korun. Kdy\u017e si koup\u00edte tedy z\u00e1kladn\u00ed chlad\u00edc\u00ed podlo\u017eku. Ale \u0159eknu v\u00e1m, \u017ee i ta z\u00e1kladn\u00ed podlo\u017eka chlad\u00ed opravdu geni\u00e1ln\u011b. J\u00e1 u\u017e ji m\u00e1m p\u016fl roku a v\u00e1\u017en\u011b si ji nedok\u00e1\u017ee ji vynachv\u00e1lit. Proto doporu\u010duji v\u0161em, kte\u0159\u00ed si po\u0159\u00edd\u00ed notebook nebo i tablet \u010di MacBook, aby si z\u00e1rove\u0148 po\u0159\u00eddili i chlad\u00edc\u00ed podlo\u017eku.\u00a0                                                                                                                                                                                                                                                                                                                                                                                        4.4\/5 - (5 votes)        "},{"@context":"https:\/\/schema.org\/","@type":"BreadcrumbList","itemListElement":[{"@type":"ListItem","position":1,"name":"Pr\u00e1ce s po\u010d\u00edta\u010dem","item":"https:\/\/www.rattler.cz\/prace-s-pocitacem\/#breadcrumbitem"}]}]