[{"@context":"https:\/\/schema.org\/","@type":"Article","@id":"https:\/\/www.rattler.cz\/sijeme-si-vlastni-obleceni\/#Article","mainEntityOfPage":"https:\/\/www.rattler.cz\/sijeme-si-vlastni-obleceni\/","headline":"\u0160ijeme si vlastn\u00ed oble\u010den\u00ed","name":"\u0160ijeme si vlastn\u00ed oble\u010den\u00ed","description":"Tak\u00e9 u\u017e v\u00e1s nebav\u00ed obl\u00e9kat se konfek\u010dn\u011b a utr\u00e1cet zbyte\u010dn\u011b za p\u0159edra\u017een\u00e9 modely z r\u00e1doby m\u00f3dn\u00edch obchod\u016f? Tak\u00e9 v\u00e1m p\u0159ipad\u00e1 nesmysln\u00e1 obchodn\u00ed strategie n\u011bkter\u00fdch prodejc\u016f, kte\u0159\u00ed po v\u00e1s cht\u011bj\u00ed za oby\u010dejn\u00e9 bavln\u011bn\u00e9 t\u0159\u00ed\u010dtvrte\u010dn\u00ed kalhoty osm stovek, kdy\u017e maj\u00ed hodnotu sotva t\u0159etinovou? Kalhoty se v\u00e1m po n\u011bkolika pran\u00edch seperou, ztrat\u00ed barvu a lesk a jejich \u017eivotnost ... <a title=\"\u0160ijeme si vlastn\u00ed oble\u010den\u00ed\" class=\"read-more\" href=\"https:\/\/www.rattler.cz\/sijeme-si-vlastni-obleceni\/\">Read more<span class=\"screen-reader-text\">\u0160ijeme si vlastn\u00ed oble\u010den\u00ed<\/span><\/a>","datePublished":"2024-08-18","dateModified":"2024-08-18","author":{"@type":"Person","@id":"https:\/\/www.rattler.cz\/author\/#Person","name":"","url":"https:\/\/www.rattler.cz\/author\/","identifier":1,"image":{"@type":"ImageObject","@id":"https:\/\/secure.gravatar.com\/avatar\/aa13f0f1a5b61a2deba1492ce3bb4afe8e77d91eeb44c23db0ee08765a93abad?s=96&d=mm&r=g","url":"https:\/\/secure.gravatar.com\/avatar\/aa13f0f1a5b61a2deba1492ce3bb4afe8e77d91eeb44c23db0ee08765a93abad?s=96&d=mm&r=g","height":96,"width":96}},"publisher":{"@type":"Organization","name":"rattler.cz","logo":{"@type":"ImageObject","@id":"\/logo.png","url":"\/logo.png","width":600,"height":60}},"image":{"@type":"ImageObject","@id":"https:\/\/www.rattler.cz\/wp-content\/uploads\/sew-8353303_640_1.jpg","url":"https:\/\/www.rattler.cz\/wp-content\/uploads\/sew-8353303_640_1.jpg","height":0,"width":0},"url":"https:\/\/www.rattler.cz\/sijeme-si-vlastni-obleceni\/","about":["Produkty"],"wordCount":428,"articleBody":"       Tak\u00e9 u\u017e v\u00e1s nebav\u00ed obl\u00e9kat se konfek\u010dn\u011b a utr\u00e1cet zbyte\u010dn\u011b za p\u0159edra\u017een\u00e9 modely z r\u00e1doby m\u00f3dn\u00edch obchod\u016f? Tak\u00e9 v\u00e1m p\u0159ipad\u00e1 nesmysln\u00e1 obchodn\u00ed strategie n\u011bkter\u00fdch prodejc\u016f, kte\u0159\u00ed po v\u00e1s cht\u011bj\u00ed za oby\u010dejn\u00e9 bavln\u011bn\u00e9 t\u0159\u00ed\u010dtvrte\u010dn\u00ed kalhoty osm stovek, kdy\u017e maj\u00ed hodnotu sotva t\u0159etinovou? Kalhoty se v\u00e1m po n\u011bkolika pran\u00edch seperou, ztrat\u00ed barvu a lesk a jejich \u017eivotnost je sotva p\u00e1r let, a takto platit za ka\u017ed\u00fd kus od\u011bvu je nehor\u00e1zn\u00e9 pl\u00fdtv\u00e1n\u00ed pen\u011bzi. M\u00e1te-li k dispozici vlastn\u00ed \u0161ic\u00ed stroj a jste alespo\u0148 trochu \u0161ikovn\u00e1 \u0161vadlena (nebo krej\u010d\u00ed), a t\u00edm m\u00e1me na mysli i amat\u00e9ry, u\u0161ijte si oble\u010den\u00ed vlastn\u00ed. Budete sice pot\u0159ebovat krom\u011b \u0161ic\u00edho stroje i lisy, pistony, pr\u016fchodky, pr\u016fbojn\u00edky, v\u00fdse\u010dn\u00edky a kle\u0161t\u011b https:\/\/www.prima-obchod.cz\/produkty\/textilni-galanterie\/lisy-pistony-pruchodky-prubojniky-vysecniky-a-kleste, ale i tak m\u00e1 toto \u0159e\u0161en\u00ed n\u011bkolik z\u00e1sadn\u00edch v\u00fdhod:L\u00e1tky jsou levn\u00e9 \u2013 v\u00fdroba textilu  https:\/\/ekonomika.idnes.cz\/recyklace-textilu-stare-obleceni-indie-d9c-\/ekonomika.aspx%3Fc%3DA170725_2340789_ekonomika_rts je strojn\u00ed a zaveden\u00e9 spole\u010dnosti dovedou zhotovit b\u011bhem velmi kr\u00e1tk\u00e9 doby kilometry tkanin. Kdyby v\u00fdroba spo\u010d\u00edvala na ru\u010dn\u00edm \u0161it\u00ed, jako ve st\u0159edov\u011bku, to byste se nedoplatili a m\u011bli byste doma jen jedny kalhoty a bundu, ale tkalcovsk\u00e9 stavy umo\u017e\u0148uj\u00ed zhotovit l\u00e1tky za p\u00e1r korun.Pest\u0159ej\u0161\u00ed v\u00fdb\u011br l\u00e1tek \u2013 na v\u00fdb\u011br m\u00e1te obrovsk\u00e9 mno\u017estv\u00ed l\u00e1tek, a to jak co se t\u00fd\u010de materi\u00e1lu, tak i barev a vzor\u016f. Pestr\u00fd v\u00fdb\u011br l\u00e1tek b\u00fdval u\u017e i za socialismu v osmdes\u00e1t\u00fdch letech a tehdy si lid\u00e9 \u0161ili na \u0161ic\u00edch stroj\u00edch to, co cht\u011bli, nap\u0159\u00edklad podle n\u011bmeck\u00e9ho m\u00f3dn\u00edho \u010dasopisu Burda, v n\u011bm\u017e vych\u00e1zely i st\u0159ihov\u00e9 p\u0159\u00edlohy na n\u011bkter\u00e9 druhy od\u011bv\u016f.Zvl\u00e1dnete cokoli \u2013 \u0161it\u00ed na \u0161ic\u00edm stroji nen\u00ed obt\u00ed\u017en\u00e9, a \u010dasem se m\u016f\u017eete vypracovat i tak, \u017ee zvl\u00e1dnete u\u0161\u00edt zimn\u00ed bundu s pod\u0161\u00edvkou, zimn\u00ed kab\u00e1t, ly\u017ea\u0159sk\u00e9 kalhoty, anebo dokonce p\u00e1nsk\u00fd oblek. Um\u011bt \u0161\u00edt je obrovsk\u00e1 v\u00fdhoda a za oble\u010den\u00ed se d\u00e1 u\u0161et\u0159it spousta pen\u011bz, podobn\u011b, jako kdy\u017e p\u0159ejdete z klasick\u00e9 nezdrav\u00e9 masit\u00e9 stravy na vegetari\u00e1nskou, kter\u00e1 je nejen zdrav\u011bj\u0161\u00ed, ale i v\u00fdrazn\u011b levn\u011bj\u0161\u00ed.                                                                                                                                                                                                                                                                                                                                                                                          4.7\/5 - (7 votes)        "},{"@context":"https:\/\/schema.org\/","@type":"BreadcrumbList","itemListElement":[{"@type":"ListItem","position":1,"name":"\u0160ijeme si vlastn\u00ed oble\u010den\u00ed","item":"https:\/\/www.rattler.cz\/sijeme-si-vlastni-obleceni\/#breadcrumbitem"}]}]